{"id":1605,"date":"2022-03-25T12:32:43","date_gmt":"2022-03-25T11:32:43","guid":{"rendered":"http:\/\/www.rv-geilenkirchen.de\/wordpress\/?p=1605"},"modified":"2022-03-25T12:33:39","modified_gmt":"2022-03-25T11:33:39","slug":"nachruf-der-reiterverein-1907-geilenkirchen-e-v-trauert-um-sein-mitglied-hubert-schnitzler","status":"publish","type":"post","link":"http:\/\/www.rv-geilenkirchen.de\/wordpress\/2022\/03\/25\/nachruf-der-reiterverein-1907-geilenkirchen-e-v-trauert-um-sein-mitglied-hubert-schnitzler\/","title":{"rendered":"Nachruf: Der Reiterverein 1907 Geilenkirchen e.V. trauert um sein Mitglied Hubert Schnitzler"},"content":{"rendered":"<p>&nbsp;<\/p>\n<p style=\"text-align: center;\">Der Reiterverein 1907 Geilenkirchen e.V. trauert um sein Mitglied<\/p>\n<p style=\"text-align: center;\"><strong>Hubert Schnitzler<\/strong>,<\/p>\n<p style=\"text-align: center;\">der am 18. M\u00e4rz 2022 im Alter von 82 Jahren verstorben ist.<br \/>\nHubert Schnitzler kam im Jahr 1981 zum Reiterverein Geilenkirchen und war von<br \/>\nAnfang an begeisterter Gel\u00e4ndereiter. Auch bei unseren dreit\u00e4gigen Ausritten in<br \/>\nRohren war er h\u00e4ufig als aktiver Reiter mit dabei.<\/p>\n<p style=\"text-align: center;\">Er war von 1988 bis 2005 Vertreter der Gel\u00e4ndereiter in unserem Verein und hat<br \/>\n\u00fcber viele Jahre den Parcoursdienst beim Turnier auf den Tripser Schlosswiesen<br \/>\ngeleitet. Auf den Turnierpl\u00e4tzen im ganzen Rheinland war er vielen bekannt als<br \/>\nBegleiter seines Sohnes Dirk.<\/p>\n<p style=\"text-align: center;\">Wir verlieren mit Hubert Schnitzler ein Mitglied, dessen Unterst\u00fctzung sich der<br \/>\nReiterverein immer sicher sein konnte. Unser tiefes Mitgef\u00fchl gilt seiner Frau Inge<br \/>\nund seiner ganzen Familie. Voller Trauer nehmen wir Abschied von ihm und werden<br \/>\nuns immer gerne an ihn erinnern.<\/p>\n<p style=\"text-align: center;\">Reiterverein 1907 Geilenkirchen e.V.<\/p>\n<p style=\"text-align: center;\">F\u00fcr den Vorstand<br \/>\nHans-Peter L\u00fcttgens<\/p>\n","protected":false},"excerpt":{"rendered":"<p>&nbsp; Der Reiterverein 1907 Geilenkirchen e.V. trauert um sein Mitglied Hubert Schnitzler, der am 18. M\u00e4rz 2022 im Alter von 82 Jahren verstorben ist. Hubert Schnitzler kam im Jahr 1981 zum Reiterverein Geilenkirchen und war von Anfang an begeisterter Gel\u00e4ndereiter. Auch bei unseren dreit\u00e4gigen Ausritten in Rohren war er h\u00e4ufig als aktiver Reiter mit dabei. &hellip; <a href=\"http:\/\/www.rv-geilenkirchen.de\/wordpress\/2022\/03\/25\/nachruf-der-reiterverein-1907-geilenkirchen-e-v-trauert-um-sein-mitglied-hubert-schnitzler\/\" class=\"more-link\"><span class=\"screen-reader-text\">Nachruf: Der Reiterverein 1907 Geilenkirchen e.V. trauert um sein Mitglied Hubert Schnitzler<\/span> weiterlesen<\/a><\/p>\n","protected":false},"author":9,"featured_media":0,"comment_status":"closed","ping_status":"open","sticky":false,"template":"","format":"standard","meta":{"footnotes":""},"categories":[20,3,1],"tags":[],"wppr_data":{"cwp_meta_box_check":"No"},"_links":{"self":[{"href":"http:\/\/www.rv-geilenkirchen.de\/wordpress\/wp-json\/wp\/v2\/posts\/1605"}],"collection":[{"href":"http:\/\/www.rv-geilenkirchen.de\/wordpress\/wp-json\/wp\/v2\/posts"}],"about":[{"href":"http:\/\/www.rv-geilenkirchen.de\/wordpress\/wp-json\/wp\/v2\/types\/post"}],"author":[{"embeddable":true,"href":"http:\/\/www.rv-geilenkirchen.de\/wordpress\/wp-json\/wp\/v2\/users\/9"}],"replies":[{"embeddable":true,"href":"http:\/\/www.rv-geilenkirchen.de\/wordpress\/wp-json\/wp\/v2\/comments?post=1605"}],"version-history":[{"count":5,"href":"http:\/\/www.rv-geilenkirchen.de\/wordpress\/wp-json\/wp\/v2\/posts\/1605\/revisions"}],"predecessor-version":[{"id":1610,"href":"http:\/\/www.rv-geilenkirchen.de\/wordpress\/wp-json\/wp\/v2\/posts\/1605\/revisions\/1610"}],"wp:attachment":[{"href":"http:\/\/www.rv-geilenkirchen.de\/wordpress\/wp-json\/wp\/v2\/media?parent=1605"}],"wp:term":[{"taxonomy":"category","embeddable":true,"href":"http:\/\/www.rv-geilenkirchen.de\/wordpress\/wp-json\/wp\/v2\/categories?post=1605"},{"taxonomy":"post_tag","embeddable":true,"href":"http:\/\/www.rv-geilenkirchen.de\/wordpress\/wp-json\/wp\/v2\/tags?post=1605"}],"curies":[{"name":"wp","href":"https:\/\/api.w.org\/{rel}","templated":true}]}}