{"id":1565,"date":"2022-01-06T15:14:15","date_gmt":"2022-01-06T14:14:15","guid":{"rendered":"http:\/\/www.rv-geilenkirchen.de\/wordpress\/?p=1565"},"modified":"2022-01-06T15:14:15","modified_gmt":"2022-01-06T14:14:15","slug":"nachruf-der-reiterverein-1907-geilenkirchen-e-v-trauert-um-sein-mitglied-franz-peter-wynands","status":"publish","type":"post","link":"http:\/\/www.rv-geilenkirchen.de\/wordpress\/2022\/01\/06\/nachruf-der-reiterverein-1907-geilenkirchen-e-v-trauert-um-sein-mitglied-franz-peter-wynands\/","title":{"rendered":"Nachruf: Der Reiterverein 1907 Geilenkirchen e.V. trauert um sein Mitglied Franz-Peter Wynands"},"content":{"rendered":"<h3 style=\"text-align: center;\"><\/h3>\n<p style=\"text-align: center;\">Der Reiterverein 1907 Geilenkirchen e.V. trauert um sein Mitglied<\/p>\n<p style=\"text-align: center;\"><span style=\"font-size: 24px; font-weight: bold;\">Franz-Peter Wynands,<\/span><\/p>\n<p style=\"text-align: center;\">der am 19. Dezember 2021 im Alter von 70 Jahren verstorben ist.<\/p>\n<p style=\"text-align: center;\">Franz Peter Wynands kam im Jahr 1989 zum Reiterverein Geilenkirchen und war von Anfang an begeisterter Gel\u00e4nde- und Fuchsjagdreiter. Auch bei unseren dreit\u00e4gigen Ausritten in Rohren war er h\u00e4ufig als aktiver Reiter mit dabei.<\/p>\n<p style=\"text-align: center;\">Mit gro\u00dfer Passion hat er seit vielen Jahren den Grillstand auf unseren Turnieren geleitet und die Verpflegung bei unseren Herbstritten sicher gestellt. Durch seine kommunikative Art war er bei vielen bekannt und auch beliebt.<\/p>\n<p style=\"text-align: center;\">Wir verlieren mit Franz-Peter ein Mitglied, dessen Unterst\u00fctzung sich der Reiterverein immer sicher sein konnte. Unser tiefes Mitgef\u00fchl gilt seiner Frau Doris und seiner ganzen Familie. Voller Trauer nehmen wir Abschied von ihm und werden uns immer gerne an ihn erinnern.<\/p>\n<p style=\"text-align: center;\">Reiterverein 1907 Geilenkirchen e.V.<\/p>\n<p style=\"text-align: center;\">F\u00fcr den Vorstand<br \/>\nHans-Peter L\u00fcttgens<\/p>\n","protected":false},"excerpt":{"rendered":"<p>Der Reiterverein 1907 Geilenkirchen e.V. trauert um sein Mitglied Franz-Peter Wynands, der am 19. Dezember 2021 im Alter von 70 Jahren verstorben ist. Franz Peter Wynands kam im Jahr 1989 zum Reiterverein Geilenkirchen und war von Anfang an begeisterter Gel\u00e4nde- und Fuchsjagdreiter. Auch bei unseren dreit\u00e4gigen Ausritten in Rohren war er h\u00e4ufig als aktiver Reiter &hellip; <a href=\"http:\/\/www.rv-geilenkirchen.de\/wordpress\/2022\/01\/06\/nachruf-der-reiterverein-1907-geilenkirchen-e-v-trauert-um-sein-mitglied-franz-peter-wynands\/\" class=\"more-link\"><span class=\"screen-reader-text\">Nachruf: Der Reiterverein 1907 Geilenkirchen e.V. trauert um sein Mitglied Franz-Peter Wynands<\/span> weiterlesen<\/a><\/p>\n","protected":false},"author":9,"featured_media":0,"comment_status":"closed","ping_status":"open","sticky":false,"template":"","format":"standard","meta":{"footnotes":""},"categories":[20,3,1],"tags":[],"wppr_data":{"cwp_meta_box_check":"No"},"_links":{"self":[{"href":"http:\/\/www.rv-geilenkirchen.de\/wordpress\/wp-json\/wp\/v2\/posts\/1565"}],"collection":[{"href":"http:\/\/www.rv-geilenkirchen.de\/wordpress\/wp-json\/wp\/v2\/posts"}],"about":[{"href":"http:\/\/www.rv-geilenkirchen.de\/wordpress\/wp-json\/wp\/v2\/types\/post"}],"author":[{"embeddable":true,"href":"http:\/\/www.rv-geilenkirchen.de\/wordpress\/wp-json\/wp\/v2\/users\/9"}],"replies":[{"embeddable":true,"href":"http:\/\/www.rv-geilenkirchen.de\/wordpress\/wp-json\/wp\/v2\/comments?post=1565"}],"version-history":[{"count":15,"href":"http:\/\/www.rv-geilenkirchen.de\/wordpress\/wp-json\/wp\/v2\/posts\/1565\/revisions"}],"predecessor-version":[{"id":1580,"href":"http:\/\/www.rv-geilenkirchen.de\/wordpress\/wp-json\/wp\/v2\/posts\/1565\/revisions\/1580"}],"wp:attachment":[{"href":"http:\/\/www.rv-geilenkirchen.de\/wordpress\/wp-json\/wp\/v2\/media?parent=1565"}],"wp:term":[{"taxonomy":"category","embeddable":true,"href":"http:\/\/www.rv-geilenkirchen.de\/wordpress\/wp-json\/wp\/v2\/categories?post=1565"},{"taxonomy":"post_tag","embeddable":true,"href":"http:\/\/www.rv-geilenkirchen.de\/wordpress\/wp-json\/wp\/v2\/tags?post=1565"}],"curies":[{"name":"wp","href":"https:\/\/api.w.org\/{rel}","templated":true}]}}